{"id":45289,"date":"2024-02-26T21:24:00","date_gmt":"2024-02-26T20:24:00","guid":{"rendered":"https:\/\/www.resail.org\/les-voiles-old-sont-elles-interessantes-pour-les-abris-humanitaires\/"},"modified":"2025-06-03T14:10:07","modified_gmt":"2025-06-03T12:10:07","slug":"les-voiles-old-sont-elles-interessantes-pour-les-abris-humanitaires","status":"publish","type":"post","link":"https:\/\/www.resail.org\/fr\/les-voiles-old-sont-elles-interessantes-pour-les-abris-humanitaires\/","title":{"rendered":"Les voiles OLD sont-elles int\u00e9ressantes pour les abris humanitaires ?"},"content":{"rendered":"\n<p>Au vu des \u00e9v\u00e9nements tragiques survenus au Maroc et en Turquie, de nombreux marins se sont demand\u00e9s si les vieilles voiles pouvaient \u00eatre utilis\u00e9es dans les centres d&rsquo;h\u00e9bergement d&rsquo;urgence. Bien que certaines initiatives aient \u00e9t\u00e9 tent\u00e9es, comme <a href=\"https:\/\/www.doylesails.com\/sustainability\/sail-to-shelter\">Doyle Sails qui fait don de ses voiles<\/a>, la r\u00e9ponse est : <strong>probablement pas<\/strong>! <\/p>\n\n<div style=\"height:30px\" aria-hidden=\"true\" class=\"wp-block-spacer\"><\/div>\n\n<p>Les organisations humanitaires ont besoin de grandes quantit\u00e9s de tentes faciles \u00e0 monter et disponibles rapidement.<\/p>\n\n<div style=\"height:30px\" aria-hidden=\"true\" class=\"wp-block-spacer\"><\/div>\n\n<p>Pour que les voiles anciennes puissent \u00eatre utilis\u00e9es \u00e0 cette fin, il faut qu&rsquo;elles soient disponibles en grandes quantit\u00e9s et, de pr\u00e9f\u00e9rence, dans des qualit\u00e9s \u00e9gales. Ce n&rsquo;est pas le cas ! Les voiles mises au rebut sont de tailles, d&rsquo;\u00e9paisseurs et de mat\u00e9riaux tr\u00e8s divers. Pour qu&rsquo;elles conviennent \u00e0 la fabrication d&rsquo;une tente, elles doivent \u00eatre tri\u00e9es, d\u00e9barrass\u00e9es de leurs fermetures \u00e9clair, de leurs cordages et de leurs renforts. Il n&rsquo;existe pas d&rsquo;installation de ce type et il est probablement impossible ou tr\u00e8s difficile de la rendre op\u00e9rationnelle, sans parler de sa viabilit\u00e9 \u00e9conomique.    <\/p>\n\n<div style=\"height:30px\" aria-hidden=\"true\" class=\"wp-block-spacer\"><\/div>\n\n<p>L'\u00a0\u00bbindustrie\u00a0\u00bb du secours et les fabricants d&rsquo;abris de secours ont d\u00e9j\u00e0 trouv\u00e9 des solutions difficiles \u00e0 battre, comme l&rsquo;offre de <a href=\"https:\/\/sioen.com\/en\/rd\/eu-calls\/speedkits\" target=\"_blank\" rel=\"noreferrer noopener\">Speedkits<\/a> de Sioen.<\/p>\n\n<div style=\"height:30px\" aria-hidden=\"true\" class=\"wp-block-spacer\"><\/div>\n\n<p>Les tentes peuvent \u00eatre achet\u00e9es en grandes quantit\u00e9s \u00e0 des prix relativement bas. Il existe des fabricants de tissus qui se concentrent sp\u00e9cifiquement sur ce march\u00e9. En voici quelques exemples : <\/p>\n\n<ul class=\"wp-block-list\">\n<li><a href=\"https:\/\/relieftents.com\/\" target=\"_blank\" rel=\"noreferrer noopener\">Tentes de secours<\/a><\/li>\n\n\n\n<li><a href=\"https:\/\/shelterbox.org\/about\/aid\/\" target=\"_blank\" rel=\"noreferrer noopener\">ShelterBox<\/a><\/li>\n<\/ul>\n\n<div style=\"height:30px\" aria-hidden=\"true\" class=\"wp-block-spacer\"><\/div>\n\n<p>Vendez donc vos vieilles voiles, donnez-les pour qu&rsquo;elles soient recycl\u00e9es, mais soutenez la Croix-Rouge et d&rsquo;autres organisations avec de l&rsquo;argent !<\/p>\n\n<div style=\"height:30px\" aria-hidden=\"true\" class=\"wp-block-spacer\"><\/div>\n\n<p><strong><strong>Resail, il y a toujours une seconde vie pour les voiles !<\/strong><\/strong><\/p>\n","protected":false},"excerpt":{"rendered":"<p>Au vu des \u00e9v\u00e9nements tragiques survenus au Maroc et en Turquie, de nombreux marins se sont demand\u00e9s si les vieilles voiles pouvaient \u00eatre utilis\u00e9es dans les centres d&rsquo;h\u00e9bergement d&rsquo;urgence. Bien que certaines initiatives aient \u00e9t\u00e9 tent\u00e9es, comme Doyle Sails qui fait don de ses voiles, la r\u00e9ponse est : probablement pas! Les organisations humanitaires ont [&hellip;]<\/p>\n","protected":false},"author":16,"featured_media":20344,"comment_status":"closed","ping_status":"open","sticky":false,"template":"","format":"standard","meta":{"_acf_changed":false,"footnotes":""},"categories":[2146,2132,2110],"tags":[],"class_list":["post-45289","post","type-post","status-publish","format-standard","has-post-thumbnail","hentry","category-abris","category-recyclage-fr","category-voiles-doccasion"],"acf":[],"yoast_head":"<!-- This site is optimized with the Yoast SEO plugin v27.5 - https:\/\/yoast.com\/product\/yoast-seo-wordpress\/ -->\n<title>Les voiles OLD sont-elles int\u00e9ressantes pour les abris humanitaires ? - Resail<\/title>\n<meta name=\"robots\" content=\"index, follow, max-snippet:-1, max-image-preview:large, max-video-preview:-1\" \/>\n<link rel=\"canonical\" href=\"https:\/\/www.resail.org\/fr\/les-voiles-old-sont-elles-interessantes-pour-les-abris-humanitaires\/\" \/>\n<meta property=\"og:locale\" content=\"fr_FR\" \/>\n<meta property=\"og:type\" content=\"article\" \/>\n<meta property=\"og:title\" content=\"Les voiles OLD sont-elles int\u00e9ressantes pour les abris humanitaires ? - Resail\" \/>\n<meta property=\"og:description\" content=\"Au vu des \u00e9v\u00e9nements tragiques survenus au Maroc et en Turquie, de nombreux marins se sont demand\u00e9s si les vieilles voiles pouvaient \u00eatre utilis\u00e9es dans les centres d&rsquo;h\u00e9bergement d&rsquo;urgence. Bien que certaines initiatives aient \u00e9t\u00e9 tent\u00e9es, comme Doyle Sails qui fait don de ses voiles, la r\u00e9ponse est : probablement pas! Les organisations humanitaires ont [&hellip;]\" \/>\n<meta property=\"og:url\" content=\"https:\/\/www.resail.org\/fr\/les-voiles-old-sont-elles-interessantes-pour-les-abris-humanitaires\/\" \/>\n<meta property=\"og:site_name\" content=\"Resail\" \/>\n<meta property=\"article:published_time\" content=\"2024-02-26T20:24:00+00:00\" \/>\n<meta property=\"article:modified_time\" content=\"2025-06-03T12:10:07+00:00\" \/>\n<meta property=\"og:image\" content=\"https:\/\/www.resail.org\/wp-content\/uploads\/2023\/09\/relief-tents.jpg\" \/>\n\t<meta property=\"og:image:width\" content=\"973\" \/>\n\t<meta property=\"og:image:height\" content=\"244\" \/>\n\t<meta property=\"og:image:type\" content=\"image\/jpeg\" \/>\n<meta name=\"author\" content=\"Rob Abrahams\" \/>\n<meta name=\"twitter:card\" content=\"summary_large_image\" \/>\n<meta name=\"twitter:label1\" content=\"\u00c9crit par\" \/>\n\t<meta name=\"twitter:data1\" content=\"Rob Abrahams\" \/>\n\t<meta name=\"twitter:label2\" content=\"Dur\u00e9e de lecture estim\u00e9e\" \/>\n\t<meta name=\"twitter:data2\" content=\"1 minute\" \/>\n<script type=\"application\/ld+json\" class=\"yoast-schema-graph\">{\"@context\":\"https:\\\/\\\/schema.org\",\"@graph\":[{\"@type\":\"Article\",\"@id\":\"https:\\\/\\\/www.resail.org\\\/fr\\\/les-voiles-old-sont-elles-interessantes-pour-les-abris-humanitaires\\\/#article\",\"isPartOf\":{\"@id\":\"https:\\\/\\\/www.resail.org\\\/fr\\\/les-voiles-old-sont-elles-interessantes-pour-les-abris-humanitaires\\\/\"},\"author\":{\"name\":\"Rob Abrahams\",\"@id\":\"https:\\\/\\\/www.resail.org\\\/fr\\\/#\\\/schema\\\/person\\\/0e9ec47bd9caede039af2001fea17c01\"},\"headline\":\"Les voiles OLD sont-elles int\u00e9ressantes pour les abris humanitaires ?\",\"datePublished\":\"2024-02-26T20:24:00+00:00\",\"dateModified\":\"2025-06-03T12:10:07+00:00\",\"mainEntityOfPage\":{\"@id\":\"https:\\\/\\\/www.resail.org\\\/fr\\\/les-voiles-old-sont-elles-interessantes-pour-les-abris-humanitaires\\\/\"},\"wordCount\":292,\"publisher\":{\"@id\":\"https:\\\/\\\/www.resail.org\\\/fr\\\/#organization\"},\"image\":{\"@id\":\"https:\\\/\\\/www.resail.org\\\/fr\\\/les-voiles-old-sont-elles-interessantes-pour-les-abris-humanitaires\\\/#primaryimage\"},\"thumbnailUrl\":\"https:\\\/\\\/www.resail.org\\\/wp-content\\\/uploads\\\/2023\\\/09\\\/relief-tents.jpg\",\"articleSection\":[\"Abris\",\"Recyclage\",\"Voiles d'occasion\"],\"inLanguage\":\"fr-FR\"},{\"@type\":\"WebPage\",\"@id\":\"https:\\\/\\\/www.resail.org\\\/fr\\\/les-voiles-old-sont-elles-interessantes-pour-les-abris-humanitaires\\\/\",\"url\":\"https:\\\/\\\/www.resail.org\\\/fr\\\/les-voiles-old-sont-elles-interessantes-pour-les-abris-humanitaires\\\/\",\"name\":\"Les voiles OLD sont-elles int\u00e9ressantes pour les abris humanitaires ? - Resail\",\"isPartOf\":{\"@id\":\"https:\\\/\\\/www.resail.org\\\/fr\\\/#website\"},\"primaryImageOfPage\":{\"@id\":\"https:\\\/\\\/www.resail.org\\\/fr\\\/les-voiles-old-sont-elles-interessantes-pour-les-abris-humanitaires\\\/#primaryimage\"},\"image\":{\"@id\":\"https:\\\/\\\/www.resail.org\\\/fr\\\/les-voiles-old-sont-elles-interessantes-pour-les-abris-humanitaires\\\/#primaryimage\"},\"thumbnailUrl\":\"https:\\\/\\\/www.resail.org\\\/wp-content\\\/uploads\\\/2023\\\/09\\\/relief-tents.jpg\",\"datePublished\":\"2024-02-26T20:24:00+00:00\",\"dateModified\":\"2025-06-03T12:10:07+00:00\",\"breadcrumb\":{\"@id\":\"https:\\\/\\\/www.resail.org\\\/fr\\\/les-voiles-old-sont-elles-interessantes-pour-les-abris-humanitaires\\\/#breadcrumb\"},\"inLanguage\":\"fr-FR\",\"potentialAction\":[{\"@type\":\"ReadAction\",\"target\":[\"https:\\\/\\\/www.resail.org\\\/fr\\\/les-voiles-old-sont-elles-interessantes-pour-les-abris-humanitaires\\\/\"]}]},{\"@type\":\"ImageObject\",\"inLanguage\":\"fr-FR\",\"@id\":\"https:\\\/\\\/www.resail.org\\\/fr\\\/les-voiles-old-sont-elles-interessantes-pour-les-abris-humanitaires\\\/#primaryimage\",\"url\":\"https:\\\/\\\/www.resail.org\\\/wp-content\\\/uploads\\\/2023\\\/09\\\/relief-tents.jpg\",\"contentUrl\":\"https:\\\/\\\/www.resail.org\\\/wp-content\\\/uploads\\\/2023\\\/09\\\/relief-tents.jpg\",\"width\":973,\"height\":244},{\"@type\":\"BreadcrumbList\",\"@id\":\"https:\\\/\\\/www.resail.org\\\/fr\\\/les-voiles-old-sont-elles-interessantes-pour-les-abris-humanitaires\\\/#breadcrumb\",\"itemListElement\":[{\"@type\":\"ListItem\",\"position\":1,\"name\":\"Home\",\"item\":\"https:\\\/\\\/www.resail.org\\\/fr\\\/accueil\\\/\"},{\"@type\":\"ListItem\",\"position\":2,\"name\":\"Les voiles OLD sont-elles int\u00e9ressantes pour les abris humanitaires ?\"}]},{\"@type\":\"WebSite\",\"@id\":\"https:\\\/\\\/www.resail.org\\\/fr\\\/#website\",\"url\":\"https:\\\/\\\/www.resail.org\\\/fr\\\/\",\"name\":\"Resail\",\"description\":\"\",\"publisher\":{\"@id\":\"https:\\\/\\\/www.resail.org\\\/fr\\\/#organization\"},\"potentialAction\":[{\"@type\":\"SearchAction\",\"target\":{\"@type\":\"EntryPoint\",\"urlTemplate\":\"https:\\\/\\\/www.resail.org\\\/fr\\\/?s={search_term_string}\"},\"query-input\":{\"@type\":\"PropertyValueSpecification\",\"valueRequired\":true,\"valueName\":\"search_term_string\"}}],\"inLanguage\":\"fr-FR\"},{\"@type\":\"Organization\",\"@id\":\"https:\\\/\\\/www.resail.org\\\/fr\\\/#organization\",\"name\":\"Resail (en anglais)\",\"url\":\"https:\\\/\\\/www.resail.org\\\/fr\\\/\",\"logo\":{\"@type\":\"ImageObject\",\"inLanguage\":\"fr-FR\",\"@id\":\"https:\\\/\\\/www.resail.org\\\/fr\\\/#\\\/schema\\\/logo\\\/image\\\/\",\"url\":\"https:\\\/\\\/www.resail.org\\\/wp-content\\\/uploads\\\/2024\\\/04\\\/cropped-Resail_logo_staand.png\",\"contentUrl\":\"https:\\\/\\\/www.resail.org\\\/wp-content\\\/uploads\\\/2024\\\/04\\\/cropped-Resail_logo_staand.png\",\"width\":512,\"height\":512,\"caption\":\"Resail (en anglais)\"},\"image\":{\"@id\":\"https:\\\/\\\/www.resail.org\\\/fr\\\/#\\\/schema\\\/logo\\\/image\\\/\"}},{\"@type\":\"Person\",\"@id\":\"https:\\\/\\\/www.resail.org\\\/fr\\\/#\\\/schema\\\/person\\\/0e9ec47bd9caede039af2001fea17c01\",\"name\":\"Rob Abrahams\",\"image\":{\"@type\":\"ImageObject\",\"inLanguage\":\"fr-FR\",\"@id\":\"https:\\\/\\\/secure.gravatar.com\\\/avatar\\\/64e77c8bdbf8f0dcb2a389aa23ed753d01141c32aee109322b8f6cf1a8457bd3?s=96&d=mm&r=g\",\"url\":\"https:\\\/\\\/secure.gravatar.com\\\/avatar\\\/64e77c8bdbf8f0dcb2a389aa23ed753d01141c32aee109322b8f6cf1a8457bd3?s=96&d=mm&r=g\",\"contentUrl\":\"https:\\\/\\\/secure.gravatar.com\\\/avatar\\\/64e77c8bdbf8f0dcb2a389aa23ed753d01141c32aee109322b8f6cf1a8457bd3?s=96&d=mm&r=g\",\"caption\":\"Rob Abrahams\"},\"sameAs\":[\"https:\\\/\\\/www.resail.org\"],\"url\":\"https:\\\/\\\/www.resail.org\\\/fr\\\/author\\\/rob-abrahams\\\/\"}]}<\/script>\n<!-- \/ Yoast SEO plugin. -->","yoast_head_json":{"title":"Les voiles OLD sont-elles int\u00e9ressantes pour les abris humanitaires ? - Resail","robots":{"index":"index","follow":"follow","max-snippet":"max-snippet:-1","max-image-preview":"max-image-preview:large","max-video-preview":"max-video-preview:-1"},"canonical":"https:\/\/www.resail.org\/fr\/les-voiles-old-sont-elles-interessantes-pour-les-abris-humanitaires\/","og_locale":"fr_FR","og_type":"article","og_title":"Les voiles OLD sont-elles int\u00e9ressantes pour les abris humanitaires ? - Resail","og_description":"Au vu des \u00e9v\u00e9nements tragiques survenus au Maroc et en Turquie, de nombreux marins se sont demand\u00e9s si les vieilles voiles pouvaient \u00eatre utilis\u00e9es dans les centres d&rsquo;h\u00e9bergement d&rsquo;urgence. Bien que certaines initiatives aient \u00e9t\u00e9 tent\u00e9es, comme Doyle Sails qui fait don de ses voiles, la r\u00e9ponse est : probablement pas! Les organisations humanitaires ont [&hellip;]","og_url":"https:\/\/www.resail.org\/fr\/les-voiles-old-sont-elles-interessantes-pour-les-abris-humanitaires\/","og_site_name":"Resail","article_published_time":"2024-02-26T20:24:00+00:00","article_modified_time":"2025-06-03T12:10:07+00:00","og_image":[{"width":973,"height":244,"url":"https:\/\/www.resail.org\/wp-content\/uploads\/2023\/09\/relief-tents.jpg","type":"image\/jpeg"}],"author":"Rob Abrahams","twitter_card":"summary_large_image","twitter_misc":{"\u00c9crit par":"Rob Abrahams","Dur\u00e9e de lecture estim\u00e9e":"1 minute"},"schema":{"@context":"https:\/\/schema.org","@graph":[{"@type":"Article","@id":"https:\/\/www.resail.org\/fr\/les-voiles-old-sont-elles-interessantes-pour-les-abris-humanitaires\/#article","isPartOf":{"@id":"https:\/\/www.resail.org\/fr\/les-voiles-old-sont-elles-interessantes-pour-les-abris-humanitaires\/"},"author":{"name":"Rob Abrahams","@id":"https:\/\/www.resail.org\/fr\/#\/schema\/person\/0e9ec47bd9caede039af2001fea17c01"},"headline":"Les voiles OLD sont-elles int\u00e9ressantes pour les abris humanitaires ?","datePublished":"2024-02-26T20:24:00+00:00","dateModified":"2025-06-03T12:10:07+00:00","mainEntityOfPage":{"@id":"https:\/\/www.resail.org\/fr\/les-voiles-old-sont-elles-interessantes-pour-les-abris-humanitaires\/"},"wordCount":292,"publisher":{"@id":"https:\/\/www.resail.org\/fr\/#organization"},"image":{"@id":"https:\/\/www.resail.org\/fr\/les-voiles-old-sont-elles-interessantes-pour-les-abris-humanitaires\/#primaryimage"},"thumbnailUrl":"https:\/\/www.resail.org\/wp-content\/uploads\/2023\/09\/relief-tents.jpg","articleSection":["Abris","Recyclage","Voiles d'occasion"],"inLanguage":"fr-FR"},{"@type":"WebPage","@id":"https:\/\/www.resail.org\/fr\/les-voiles-old-sont-elles-interessantes-pour-les-abris-humanitaires\/","url":"https:\/\/www.resail.org\/fr\/les-voiles-old-sont-elles-interessantes-pour-les-abris-humanitaires\/","name":"Les voiles OLD sont-elles int\u00e9ressantes pour les abris humanitaires ? - Resail","isPartOf":{"@id":"https:\/\/www.resail.org\/fr\/#website"},"primaryImageOfPage":{"@id":"https:\/\/www.resail.org\/fr\/les-voiles-old-sont-elles-interessantes-pour-les-abris-humanitaires\/#primaryimage"},"image":{"@id":"https:\/\/www.resail.org\/fr\/les-voiles-old-sont-elles-interessantes-pour-les-abris-humanitaires\/#primaryimage"},"thumbnailUrl":"https:\/\/www.resail.org\/wp-content\/uploads\/2023\/09\/relief-tents.jpg","datePublished":"2024-02-26T20:24:00+00:00","dateModified":"2025-06-03T12:10:07+00:00","breadcrumb":{"@id":"https:\/\/www.resail.org\/fr\/les-voiles-old-sont-elles-interessantes-pour-les-abris-humanitaires\/#breadcrumb"},"inLanguage":"fr-FR","potentialAction":[{"@type":"ReadAction","target":["https:\/\/www.resail.org\/fr\/les-voiles-old-sont-elles-interessantes-pour-les-abris-humanitaires\/"]}]},{"@type":"ImageObject","inLanguage":"fr-FR","@id":"https:\/\/www.resail.org\/fr\/les-voiles-old-sont-elles-interessantes-pour-les-abris-humanitaires\/#primaryimage","url":"https:\/\/www.resail.org\/wp-content\/uploads\/2023\/09\/relief-tents.jpg","contentUrl":"https:\/\/www.resail.org\/wp-content\/uploads\/2023\/09\/relief-tents.jpg","width":973,"height":244},{"@type":"BreadcrumbList","@id":"https:\/\/www.resail.org\/fr\/les-voiles-old-sont-elles-interessantes-pour-les-abris-humanitaires\/#breadcrumb","itemListElement":[{"@type":"ListItem","position":1,"name":"Home","item":"https:\/\/www.resail.org\/fr\/accueil\/"},{"@type":"ListItem","position":2,"name":"Les voiles OLD sont-elles int\u00e9ressantes pour les abris humanitaires ?"}]},{"@type":"WebSite","@id":"https:\/\/www.resail.org\/fr\/#website","url":"https:\/\/www.resail.org\/fr\/","name":"Resail","description":"","publisher":{"@id":"https:\/\/www.resail.org\/fr\/#organization"},"potentialAction":[{"@type":"SearchAction","target":{"@type":"EntryPoint","urlTemplate":"https:\/\/www.resail.org\/fr\/?s={search_term_string}"},"query-input":{"@type":"PropertyValueSpecification","valueRequired":true,"valueName":"search_term_string"}}],"inLanguage":"fr-FR"},{"@type":"Organization","@id":"https:\/\/www.resail.org\/fr\/#organization","name":"Resail (en anglais)","url":"https:\/\/www.resail.org\/fr\/","logo":{"@type":"ImageObject","inLanguage":"fr-FR","@id":"https:\/\/www.resail.org\/fr\/#\/schema\/logo\/image\/","url":"https:\/\/www.resail.org\/wp-content\/uploads\/2024\/04\/cropped-Resail_logo_staand.png","contentUrl":"https:\/\/www.resail.org\/wp-content\/uploads\/2024\/04\/cropped-Resail_logo_staand.png","width":512,"height":512,"caption":"Resail (en anglais)"},"image":{"@id":"https:\/\/www.resail.org\/fr\/#\/schema\/logo\/image\/"}},{"@type":"Person","@id":"https:\/\/www.resail.org\/fr\/#\/schema\/person\/0e9ec47bd9caede039af2001fea17c01","name":"Rob Abrahams","image":{"@type":"ImageObject","inLanguage":"fr-FR","@id":"https:\/\/secure.gravatar.com\/avatar\/64e77c8bdbf8f0dcb2a389aa23ed753d01141c32aee109322b8f6cf1a8457bd3?s=96&d=mm&r=g","url":"https:\/\/secure.gravatar.com\/avatar\/64e77c8bdbf8f0dcb2a389aa23ed753d01141c32aee109322b8f6cf1a8457bd3?s=96&d=mm&r=g","contentUrl":"https:\/\/secure.gravatar.com\/avatar\/64e77c8bdbf8f0dcb2a389aa23ed753d01141c32aee109322b8f6cf1a8457bd3?s=96&d=mm&r=g","caption":"Rob Abrahams"},"sameAs":["https:\/\/www.resail.org"],"url":"https:\/\/www.resail.org\/fr\/author\/rob-abrahams\/"}]}},"_links":{"self":[{"href":"https:\/\/www.resail.org\/fr\/wp-json\/wp\/v2\/posts\/45289","targetHints":{"allow":["GET"]}}],"collection":[{"href":"https:\/\/www.resail.org\/fr\/wp-json\/wp\/v2\/posts"}],"about":[{"href":"https:\/\/www.resail.org\/fr\/wp-json\/wp\/v2\/types\/post"}],"author":[{"embeddable":true,"href":"https:\/\/www.resail.org\/fr\/wp-json\/wp\/v2\/users\/16"}],"replies":[{"embeddable":true,"href":"https:\/\/www.resail.org\/fr\/wp-json\/wp\/v2\/comments?post=45289"}],"version-history":[{"count":0,"href":"https:\/\/www.resail.org\/fr\/wp-json\/wp\/v2\/posts\/45289\/revisions"}],"wp:featuredmedia":[{"embeddable":true,"href":"https:\/\/www.resail.org\/fr\/wp-json\/wp\/v2\/media\/20344"}],"wp:attachment":[{"href":"https:\/\/www.resail.org\/fr\/wp-json\/wp\/v2\/media?parent=45289"}],"wp:term":[{"taxonomy":"category","embeddable":true,"href":"https:\/\/www.resail.org\/fr\/wp-json\/wp\/v2\/categories?post=45289"},{"taxonomy":"post_tag","embeddable":true,"href":"https:\/\/www.resail.org\/fr\/wp-json\/wp\/v2\/tags?post=45289"}],"curies":[{"name":"wp","href":"https:\/\/api.w.org\/{rel}","templated":true}]}}